{"id":9590,"date":"2024-10-19T09:27:04","date_gmt":"2024-10-19T08:27:04","guid":{"rendered":"https:\/\/bildergalerien.umweltnetz.ch\/content\/?p=9590"},"modified":"2024-10-19T09:52:36","modified_gmt":"2024-10-19T08:52:36","slug":"mit-dem-velo-unterwegs-oktober-2024","status":"publish","type":"post","link":"https:\/\/bildergalerien.umweltnetz.ch\/content\/mit-dem-velo-unterwegs-oktober-2024","title":{"rendered":"Mit dem Velo unterwegs \u2013 Oktober 2024"},"content":{"rendered":"<p><img decoding=\"async\" class=\"alignnone alignleft\" src=\"https:\/\/bildergalerien.umweltnetz.ch\/content\/wp-content\/gallery\/2024_10_milano_bregalia\/thumbs\/thumbs_241010_1704_02.jpg\" width=\"300\"><\/p>\n<h2>Milano \u2013 Bregaglia \u2013 \u2026 \u2013 Z\u00fcrich<\/h2>\n<p>Mit dem Zug nach Milano, Velofahrt an den Comersee und weiter ins Bergell. Wegen des Wetters mit Bus und Zug nach Klosters Platz im Pr\u00e4ttigau, ab dort mit dem Velo an den Walensee. Weiterfahrt durch die Linthebene und entlang des Z\u00fcrichsees nach Z\u00fcrich.<\/p>\n\n\n<!--more-->\n\n\n<p>&nbsp;<\/p>\n\n<p>Bilder vom 9. bis 17. Oktober<\/p>\n\nngg_shortcode_0_placeholder\n\n<h3>Bilder und Velofahren<\/h3>\n<p>Fotos beim Velofahren gibt es nur, wenn das Velo sicher steht oder sogar abgestellt ist \u2013 manchmal auch als willkommene kleine Verschnaufpause. Wenn die Tagesroute eher lang ist, gibt es weniger solche Halte, ebenso bei (schnellen) Abfahrten und (langsamen) Aufstiegen oder bei vorausgesagten Wetterver\u00e4nderungen Richtung N\u00e4sse. Menschen sind auf den Fotos nur zu sehen, wenn sie nicht pers\u00f6nlich erkennbar sind. Weniger Bilder gibt es zudem von Wegstrecken, die schon mal befahren wurden.<\/p>\n\n<h3>Die Tagesetappen<\/h3>\n<p><b>9.10.: Z\u00fcrich \u2013 Milano<\/b> | Mit dem Velo zum Z\u00fcrcher Hauptbahnhof, mit dem Zug nach Chiasso (Veloticketkauf bis Milano ist offenbar derzeit bei den SBB nicht m\u00f6glich), mit dem Regionalzug weiter bis Milano und mit dem Velo durch die Stadt bis zum Hotel. Abendspaziergang zum Duomo.<\/p>\n<p><p><b>10.10.: Milano \u2013 Lecco<\/b> | In Milano zum Kanal <a href=\"https:\/\/de.wikipedia.org\/wiki\/Naviglio_della_Martesana\" target=\"_blank\" rel=\"noopener\">Naviglio Martesana<\/a> mit viel Wasser, auch auf den Wegen. Dem Kanal entlang bis zur Adda mit ebenfalls sehr viel Wasser, dem Fluss nach bis Lecco am Anfang des \u00f6stlichen Armes des Lago di Como.<\/p>\n<p><b>11.10.: Lecco \u2013 Bellagio, F\u00e4hre, Menaggio \u2013 Domaso<\/b> | Am westlichen Ufer des \u00f6stlichen Armes des Lago di Como nach Bellagio, wo die beiden Seearme zusammenkommen. Mit der F\u00e4hre \u00fcber den Comersee und am westlichen Ufer des Seeoberteils bis Domaso. Der Comersee ist von s\u00fcdlichen Alpenbergen flankiert, darum gibt es immer wieder Wege und Strassen, die etwas in die H\u00f6he f\u00fchren.<\/p>\n<p><b>12.10.: Domaso \u2013 Chiavenna \u2013 Borgonuovo<\/b> | Auf dem Uferweg zum oberen Ende des Lago di Como bis zur Einm\u00fcndung der Mera. Spannend: Nahe beim Ufer stehen viele Wohnh\u00e4user, und trotzdem ist es m\u00f6glich, zu Fuss und mit dem Velo sehr nahe beim Ufer durchzufahren! Weiter geht es teilweise entlang der Mera durch den Piano di Chiavenna nach Chiavenna. Danach im Valchiavenna bis nach Burgonuovo \u2013 mit dem doppelten Wasserfall Cascate Acquafraggia.<\/p>\n<p><b>13.10.: Borgonuovo \u2013 Soglio<\/b> | Eine kurze Etappe: Weiterfahrt \u00fcber die Grenze Italien\/Schweiz nach Castasegna und einen steilen Weg hinauf bis Soglio Plazza mit vielen Kastanienb\u00e4umen.<\/p>\n<p>&nbsp;<\/p>\n<p><b>16.10.: Klosters Platz \u2013 Murg<\/b> | Wegen des Wetters (und den H\u00f6hendifferenzen und Velom\u00f6glichkeiten) mit dem Postauto von Promontogno bis St. Moritz. Weiter mit dem Zug durch das Engadin und den Vereina bis nach Klosters Platz. Das Wetter ist sch\u00f6ner, durchaus herbstlich. Velofahrt durch das Domleschg nach Landquart. Weiterfahrt entlang des Rheines, an Bad Ragaz und Sargans vorbei durch das Seeztal nach Walenstadt und dann an den Walensee bis nach Murg.<\/p>\n<p><b>17.10.: Murg &#8211; Z\u00fcrich<\/b> | Sch\u00f6ne Morgenstimmung am Walensee. Schon von weitem sind \u00fcber der Linthebene auch Wolkenberge zu sehen. An der Goldk\u00fcstenseite des Z\u00fcrichsees dominiert die tr\u00fcbe Sicht. Kurz nach der Ankunft in Z\u00fcrich beginnt es zu tr\u00f6pfeln!\n      \n<h3>\u00dcbersichskarte der Routen<\/h3>\n<p>Eine sehr sehr vereinfachte Darstellung der Reisenrouten als Ideenquelle f\u00fcr m\u00f6gliche Reisen \u2013 keinesfalls f\u00fcr die Detailplanung verwendbar!<\/p>\n \n<style type=\"text\/css\">#map_1 {clear: both; padding: 0px; margin: 0px; border: 0px; width: 100%; height: 100%; margin-top:0px; margin-right:0px;margin-left:0px; margin-bottom:0px; left: 0px; border-radius:0px;\nbox-shadow: none;}#map_1 img{clear: both; padding: 0px; margin: 0px; border: 0px; width: 100%; height: 100%; position: absolute; margin-top:0px; margin-right:0px;margin-left:0px; margin-bottom:0px; border-radius:0px;\nbox-shadow: none;}<\/style><div id=\"map_1\" class=\"OSM_Map\" style=\"width:450px; height:650px; overflow:hidden;padding:0px;border:none;\"><script type=\"text\/javascript\">\/* <![CDATA[ *\/(function($) { OpenLayers.ImgPath = \"https:\/\/bildergalerien.umweltnetz.ch\/content\/wp-content\/plugins\/osm\/themes\/dark\/\"; map_1 = new OpenLayers.Map (\"map_1\", {            controls:[              new OpenLayers.Control.Navigation(),              new OpenLayers.Control.PanZoom(),              new OpenLayers.Control.Attribution()              ],          maxExtent: new OpenLayers.Bounds(-20037508.34,-20037508.34,20037508.34,20037508.34),          maxResolution: 156543.0399,          numZoomLevels: 19,          units: \"m\",          projection: new OpenLayers.Projection(\"EPSG:900913\"),          displayProjection: new OpenLayers.Projection(\"EPSG:4326\")      } );var lmap = new OpenLayers.Layer.OSM.Mapnik(\"Mapnik\");map_1.addLayers([lmap]);var lonLat = new OpenLayers.LonLat(9.2,46.44).transform(map_1.displayProjection, map_1.projection);map_1.setCenter (lonLat,8.4);  function osm_map_1onPopupClose(evt) {    select.unselectAll();  }  function osm_map_1onFeatureSelect(event) {    var feature = event.feature;    var content = \"<b>\"+feature.attributes.name + \"<\/b> <br>\" + feature.attributes.description;    if (content.search(\"<script\") != -1) {       content = \"Content contained Javascript! Escaped content below.<br>\" + content.replace(\/<\/g, \"&lt;\");    }    popup = new OpenLayers.Popup.FramedCloud(\"OSM Plugin\",      feature.geometry.getBounds().getCenterLonLat(),        new OpenLayers.Size(200,100),        content,        null, true, osm_map_1onPopupClose);    popup.autoSize = true;    feature.popup = popup;    map_1.addPopup(popup);   }  function osm_map_1onFeatureUnselect(event) {    var feature = event.feature;    if(feature.popup) {      map_1.removePopup(feature.popup);      feature.popup.destroy();      delete feature.popup;    }     }  var lgml = new OpenLayers.Layer.Vector(\"https:\/\/bildergalerien.umweltnetz.ch\/trcks\/2024_unterwegs_24_10_t1.gpx\",{   strategies: [new OpenLayers.Strategy.Fixed()],\t  protocol: new OpenLayers.Protocol.HTTP({\t   url: \"https:\/\/bildergalerien.umweltnetz.ch\/trcks\/2024_unterwegs_24_10_t1.gpx\",\t   format: new OpenLayers.Format.GPX()\t  }),    style: {strokeColor: \"blue\", strokeWidth: 5, strokeOpacity: 0.5},    projection: new OpenLayers.Projection(\"EPSG:4326\")  });  map_1.addLayer(lgml);  function osm_map_1onPopupClose(evt) {    select.unselectAll();  }  function osm_map_1onFeatureSelect(event) {    var feature = event.feature;    var content = \"<b>\"+feature.attributes.name + \"<\/b> <br>\" + feature.attributes.description;    if (content.search(\"<script\") != -1) {       content = \"Content contained Javascript! Escaped content below.<br>\" + content.replace(\/<\/g, \"&lt;\");    }    popup = new OpenLayers.Popup.FramedCloud(\"OSM Plugin\",      feature.geometry.getBounds().getCenterLonLat(),        new OpenLayers.Size(200,100),        content,        null, true, osm_map_1onPopupClose);    popup.autoSize = true;    feature.popup = popup;    map_1.addPopup(popup);   }  function osm_map_1onFeatureUnselect(event) {    var feature = event.feature;    if(feature.popup) {      map_1.removePopup(feature.popup);      feature.popup.destroy();      delete feature.popup;    }     }  var lgml = new OpenLayers.Layer.Vector(\"https:\/\/bildergalerien.umweltnetz.ch\/trcks\/2024_unterwegs_24_10_t2.gpx\",{   strategies: [new OpenLayers.Strategy.Fixed()],\t  protocol: new OpenLayers.Protocol.HTTP({\t   url: \"https:\/\/bildergalerien.umweltnetz.ch\/trcks\/2024_unterwegs_24_10_t2.gpx\",\t   format: new OpenLayers.Format.GPX()\t  }),    style: {strokeColor: \"red\", strokeWidth: 5, strokeOpacity: 0.5},    projection: new OpenLayers.Projection(\"EPSG:4326\")  });  map_1.addLayer(lgml);var lonLat = new OpenLayers.LonLat(9.2,46.44).transform(map_1.displayProjection, map_1.projection);map_1.setCenter (lonLat,8.4);})(jQuery)\/* ]]> *\/ <\/script><\/div>\n\n","protected":false},"excerpt":{"rendered":"<p>Milano \u2013 Bregaglia \u2013 \u2026 \u2013 Z\u00fcrich Mit dem Zug nach Milano, Velofahrt an den Comersee und weiter ins Bergell. Wegen des Wetters mit Bus und Zug nach Klosters Platz im Pr\u00e4ttigau, ab dort mit dem Velo an den Walensee. Weiterfahrt durch die Linthebene und entlang des Z\u00fcrichsees nach Z\u00fcrich.<\/p>\n","protected":false},"author":2,"featured_media":0,"comment_status":"open","ping_status":"open","sticky":false,"template":"","format":"standard","meta":{"ngg_post_thumbnail":0,"jetpack_post_was_ever_published":false,"_jetpack_newsletter_access":"","_jetpack_dont_email_post_to_subs":false,"_jetpack_newsletter_tier_id":0,"_jetpack_memberships_contains_paywalled_content":false,"_jetpack_memberships_contains_paid_content":false,"footnotes":"","jetpack_publicize_message":"","jetpack_publicize_feature_enabled":true,"jetpack_social_post_already_shared":true,"jetpack_social_options":{"image_generator_settings":{"template":"highway","default_image_id":0,"font":"","enabled":false},"version":2}},"categories":[1],"tags":[441,62,443,436,440,435,434,438,442,439,79],"class_list":["post-9590","post","type-post","status-publish","format-standard","hentry","category-allgemeines","tag-bergell","tag-bildergalerien","tag-bregaglia","tag-lago-di-como","tag-linthebene","tag-milano","tag-oktober-2024","tag-praettigau","tag-seez","tag-walensee","tag-zurichsee"],"jetpack_publicize_connections":[],"jetpack_featured_media_url":"","jetpack_shortlink":"https:\/\/wp.me\/p33AYZ-2uG","jetpack_sharing_enabled":true,"_links":{"self":[{"href":"https:\/\/bildergalerien.umweltnetz.ch\/content\/wp-json\/wp\/v2\/posts\/9590","targetHints":{"allow":["GET"]}}],"collection":[{"href":"https:\/\/bildergalerien.umweltnetz.ch\/content\/wp-json\/wp\/v2\/posts"}],"about":[{"href":"https:\/\/bildergalerien.umweltnetz.ch\/content\/wp-json\/wp\/v2\/types\/post"}],"author":[{"embeddable":true,"href":"https:\/\/bildergalerien.umweltnetz.ch\/content\/wp-json\/wp\/v2\/users\/2"}],"replies":[{"embeddable":true,"href":"https:\/\/bildergalerien.umweltnetz.ch\/content\/wp-json\/wp\/v2\/comments?post=9590"}],"version-history":[{"count":24,"href":"https:\/\/bildergalerien.umweltnetz.ch\/content\/wp-json\/wp\/v2\/posts\/9590\/revisions"}],"predecessor-version":[{"id":9710,"href":"https:\/\/bildergalerien.umweltnetz.ch\/content\/wp-json\/wp\/v2\/posts\/9590\/revisions\/9710"}],"wp:attachment":[{"href":"https:\/\/bildergalerien.umweltnetz.ch\/content\/wp-json\/wp\/v2\/media?parent=9590"}],"wp:term":[{"taxonomy":"category","embeddable":true,"href":"https:\/\/bildergalerien.umweltnetz.ch\/content\/wp-json\/wp\/v2\/categories?post=9590"},{"taxonomy":"post_tag","embeddable":true,"href":"https:\/\/bildergalerien.umweltnetz.ch\/content\/wp-json\/wp\/v2\/tags?post=9590"}],"curies":[{"name":"wp","href":"https:\/\/api.w.org\/{rel}","templated":true}]}}