{"id":8700,"date":"2024-12-31T23:59:00","date_gmt":"2024-12-31T22:59:00","guid":{"rendered":"https:\/\/bildergalerien.umweltnetz.ch\/content\/?p=8700"},"modified":"2025-01-01T12:29:15","modified_gmt":"2025-01-01T11:29:15","slug":"tagesbilder-2024","status":"publish","type":"post","link":"https:\/\/bildergalerien.umweltnetz.ch\/content\/tagesbilder-2024","title":{"rendered":"Tagesbilder 2024"},"content":{"rendered":"<p><img decoding=\"async\" class=\"alignnone alignleft\" src=\"https:\/\/bildergalerien.umweltnetz.ch\/content\/wp-content\/gallery\/jahresbilder-2024\/thumbs\/thumbs_241217_lichter_city.jpg\" width=\"300\">Bildersammlung f\u00fcr 2024 \u2013 m\u00f6glichst jeden Tag (mindestens) ein Bild.<br \/>\n<!--more--><br \/>\nngg_shortcode_0_placeholder<\/p>\n<hr>\n<p><b>Stand Ende 2024 von \u00abjeden Tag (mindestens) ein Bild\u00bb<\/b>: 259 Bilder an 366 Tagen \u2013 an etwa 70 % der Tage des Jahres 2024 ein Bild<\/p>\n<p>Mit den digitalen M\u00f6glichkeiten entstehen (fast) Tag f\u00fcr Tag zahlreiche Bilder. Einige dieser Bilder ersetzen zum Beispiel schriftliche Notizen; solche Bilder m\u00fcssen nicht zwingend in einer Tagesbilder-Galerie gezeigt werden. \u00dcber 500 weitere Bilder habe ich 2024 in mehreren Galerien abgelegt, allerdings deutlich mehr als ein Bild pro Tag. In Mitteilungsdiensten k\u00f6nnen im \u00abStatus\u00bb Bilder geteilt werden \u2013 diese verschwinden wieder nach 24 Stunden, auch dies sind somit Tagesbilder (zahlreiche davon haben es auch in diese Tagesbilder-Galerie geschafft). Wenn ich im \u00abStatus\u00bb anderer Menschen ihre Bilder anschaue, haben diese durchaus eine gewisse Vergleichbarkeit. Oder anders: immer mehr werden derartige Bildergalerien zur eigenen Erinnerungssammlung!<\/p>\n<p>PS: In \u00f6ffentlich einsehbaren Galerien publiziere ich in der Regel keine Bilder, die Menschen erkennbar darstellen.<\/p>\n<hr>\n<h3>Links:<\/h3>\n<ul>\n<li>31.12.24: <a href=\"https:\/\/www.umweltnetz.ch\/content\/seegfroerni-indikator-kaeltesummen-an-den-groesseren-zuercher-seen-im-winter-2024-25\" target=\"_blank\">K\u00e4ltesummen Winter 2024(\/2025) an den gr\u00f6sseren Z\u00fcrcher Seen (als Indikator f\u00fcr eine allf\u00e4llige Seegfr\u00f6rni)<\/a>\n<li>26.12.24: Mein <a href=\"https:\/\/www.umweltnetz.ch\/content\/vorsicht-bei-reuse\" target=\"_blank\">Blogbeitrag \u00abVorsicht bei \u00abreuse\u00bb\u00bb<\/a> zu reduce, reuse, recycle.\n<li>9.12.24: Mein <a href=\"https:\/\/www.umweltnetz.ch\/content\/achtung-mail-missbrauch\" target=\"_blank\">Blogbeitrag \u00abAchtung: Mail-Missbrauch!\u00bb<\/a> zu Phising-Mails.\n<li>11.11.24: <a href=\"https:\/\/bildergalerien.umweltnetz.ch\/content\/unterwegs-im-november-2024\" target=\"_blank\" rel=\"noopener\">Bildergalerie \u00abUnterwegs im November 2024\u00bb<\/a><\/li>\n<li>27.10.24: Mein <a href=\"https:\/\/www.umweltnetz.ch\/content\/es-braucht-endlich-eine-oekologische-bundesverfassung\" target=\"_blank\">Blogbeitrag \u00abEs braucht endlich eine \u00f6kologische Bundesverfassung!\u00bb<\/a> zum <a href=\"http:\/\/www.mhaenggi.ch\/texte\/weil-es-recht-ist2636716\" target=\"_blank\">Buch \u00abWeil es Recht ist. Vorschl\u00e4ge f\u00fcr eine \u00f6kologische Bundesverfassung\u00bb von Marcel H\u00e4nggi<\/a>.\n<li>19.10.24: <a href=\"https:\/\/bildergalerien.umweltnetz.ch\/content\/mit-dem-velo-unterwegs-oktober-2024\" target=\"_blank\" rel=\"noopener\">Bildergalerie \u00abMit dem Velo unterwegs \u2013 Oktober 2024\u00bb<\/a><\/li>\n<li>17.8.24: <a href=\"https:\/\/bildergalerien.umweltnetz.ch\/content\/unterwegs-im-september-2024\" target=\"_blank\" rel=\"noopener\">Bildergalerie \u00abUnterwegs im September 2024\u00bb<\/a><\/li>\n<li>13.8.24: <a href=\"https:\/\/bildergalerien.umweltnetz.ch\/content\/unterwegs-im-august-2024\" target=\"_blank\" rel=\"noopener\">Bildergalerie \u00abUnterwegs im August 2024\u00bb<\/a><\/li>\n<li>10.8.24: <a href=\"https:\/\/packen-wirs-an.ch\/de\" target=\"_blank\" rel=\"noopener\">Initiativ-Expo (zur Klimapolitik)<\/a><\/li>\n<li>3.8.24: <a href=\"https:\/\/bildergalerien.umweltnetz.ch\/content\/wanderungen-juli-2024\" target=\"_blank\" rel=\"noopener\">Bildergalerie \u00abWanderungen Juli 2024\u00bb<\/a><\/li>\n<li>2.5.24: <a href=\"https:\/\/bildergalerien.umweltnetz.ch\/content\/mit-dem-velo-fruehlingsferien-2024\" target=\"_blank\" rel=\"noopener\">Bildergalerie \u00abMit dem Velo Fr\u00fchlingsferien 2024\u00bb<\/a><\/li>\n<li>1.4.24: <a href=\"https:\/\/www.umweltnetz.ch\/content\/durchschnittsblicke-2023\" target=\"_blank\" rel=\"noopener\">Blogbeitrag zu Durchschnittsbildern<\/a><\/li>\n<li>8.3.24: Blogbeitrag <a href=\"https:\/\/www.umweltnetz.ch\/content\/menschenschutz-der-waermste-februar-seit-beginn-der-aufzeichnungen\" target=\"_blank\" rel=\"noopener\">Menschenschutz: der w\u00e4rmste Februar seit Beginn der Aufzeichnungen<\/a><\/li>\n<li>10.1., 6.3.24: <a href=\"https:\/\/www.umweltnetz.ch\/content\/seegfroerni-indikator-kaeltesummen-an-den-groesseren-zuercher-seen-im-winter-2023-24\">Seegfr\u00f6rni-Indikator: K\u00e4ltesummen an den gr\u00f6sseren Z\u00fcrcher Seen im Winter 2023\/24<\/a><\/li>\n<li>2.1.24: <a href=\"https:\/\/www.umweltnetz.ch\/content\/temperaturstreifen-wir-alle-brauchen-menschenschutz\">Aktualisierung Temperaturstreifen Z\u00fcrich Fluntern<\/a><\/li>\n<\/ul>\n","protected":false},"excerpt":{"rendered":"<p>Bildersammlung f\u00fcr 2024 \u2013 m\u00f6glichst jeden Tag (mindestens) ein Bild.<\/p>\n","protected":false},"author":2,"featured_media":0,"comment_status":"open","ping_status":"open","sticky":false,"template":"","format":"standard","meta":{"ngg_post_thumbnail":0,"jetpack_post_was_ever_published":false,"_jetpack_newsletter_access":"","_jetpack_dont_email_post_to_subs":false,"_jetpack_newsletter_tier_id":0,"_jetpack_memberships_contains_paywalled_content":false,"_jetpack_memberships_contains_paid_content":false,"footnotes":"","jetpack_publicize_message":"","jetpack_publicize_feature_enabled":true,"jetpack_social_post_already_shared":true,"jetpack_social_options":{"image_generator_settings":{"template":"highway","default_image_id":0,"font":"","enabled":false},"version":2}},"categories":[1],"tags":[393,62,360,394,6,396,395],"class_list":["post-8700","post","type-post","status-publish","format-standard","hentry","category-allgemeines","tag-393","tag-bildergalerien","tag-pflanzen","tag-spaziergaenge","tag-stadt-zurich","tag-velofahrten","tag-wanderungen"],"jetpack_publicize_connections":[],"jetpack_featured_media_url":"","jetpack_shortlink":"https:\/\/wp.me\/p33AYZ-2gk","jetpack_sharing_enabled":true,"_links":{"self":[{"href":"https:\/\/bildergalerien.umweltnetz.ch\/content\/wp-json\/wp\/v2\/posts\/8700","targetHints":{"allow":["GET"]}}],"collection":[{"href":"https:\/\/bildergalerien.umweltnetz.ch\/content\/wp-json\/wp\/v2\/posts"}],"about":[{"href":"https:\/\/bildergalerien.umweltnetz.ch\/content\/wp-json\/wp\/v2\/types\/post"}],"author":[{"embeddable":true,"href":"https:\/\/bildergalerien.umweltnetz.ch\/content\/wp-json\/wp\/v2\/users\/2"}],"replies":[{"embeddable":true,"href":"https:\/\/bildergalerien.umweltnetz.ch\/content\/wp-json\/wp\/v2\/comments?post=8700"}],"version-history":[{"count":27,"href":"https:\/\/bildergalerien.umweltnetz.ch\/content\/wp-json\/wp\/v2\/posts\/8700\/revisions"}],"predecessor-version":[{"id":9814,"href":"https:\/\/bildergalerien.umweltnetz.ch\/content\/wp-json\/wp\/v2\/posts\/8700\/revisions\/9814"}],"wp:attachment":[{"href":"https:\/\/bildergalerien.umweltnetz.ch\/content\/wp-json\/wp\/v2\/media?parent=8700"}],"wp:term":[{"taxonomy":"category","embeddable":true,"href":"https:\/\/bildergalerien.umweltnetz.ch\/content\/wp-json\/wp\/v2\/categories?post=8700"},{"taxonomy":"post_tag","embeddable":true,"href":"https:\/\/bildergalerien.umweltnetz.ch\/content\/wp-json\/wp\/v2\/tags?post=8700"}],"curies":[{"name":"wp","href":"https:\/\/api.w.org\/{rel}","templated":true}]}}