{"id":7823,"date":"2022-07-31T14:36:16","date_gmt":"2022-07-31T13:36:16","guid":{"rendered":"https:\/\/bildergalerien.umweltnetz.ch\/content\/?p=7823"},"modified":"2022-07-31T18:57:15","modified_gmt":"2022-07-31T17:57:15","slug":"kultour-sac-sektion-manegg-juli-2022","status":"publish","type":"post","link":"https:\/\/bildergalerien.umweltnetz.ch\/content\/kultour-sac-sektion-manegg-juli-2022","title":{"rendered":"KulTour SAC Sektion Manegg Juli 2022"},"content":{"rendered":"<p><img decoding=\"async\" class=\"alignnone alignleft\" src=\"https:\/\/bildergalerien.umweltnetz.ch\/content\/wp-content\/gallery\/kultour_jul22\/doppelbild.jpg\" width=\"400\">Bilder einer viert\u00e4gigen KulTour der <a href=\"https:\/\/www.sac-manegg.ch\/\" target=\"_blank\" rel=\"noopener\">SAC Sektion Manegg<\/a> unter der Leitung von Beatrice Pl\u00fcntsch vom 24. bis 27. Juli 2022.<br \/>\n&nbsp;<br \/>\n&nbsp;<br \/>\n&nbsp;<br \/>\n&nbsp;<br \/>\n&nbsp;<br \/>\n&nbsp;<br \/>\n&nbsp;<br \/>\n&nbsp;<br \/>\n&nbsp;<br \/>\n&nbsp;<br \/>\n&nbsp;<br \/>\n&nbsp;<br \/>\n&nbsp;<br \/>\n&nbsp;<br \/>\n<!--more--><\/p>\n<hr>\n<p>&nbsp;<\/p>\n<h3>Zu diesen KulTour-Fotogalerien<\/h3>\n<p>&nbsp;<br \/>\nNeben drei Fotogalerien enth\u00e4lt diese Seite eine vereinfachte Kartendarstellung (nur der \u00dcbersicht dienend, nicht zu einer allf\u00e4lligen Tourenplanung gedacht); hin und wieder sind einzelne Links zu finden.<\/p>\n<p>&nbsp;<\/p>\n<h3>Die Reiseroute<\/h3>\n<style type=\"text\/css\">#map_1 {clear: both; padding: 0px; margin: 0px; border: 0px; width: 100%; height: 100%; margin-top:0px; margin-right:0px;margin-left:0px; margin-bottom:0px; left: 0px; border-radius:0px;\nbox-shadow: none;}#map_1 img{clear: both; padding: 0px; margin: 0px; border: 0px; width: 100%; height: 100%; position: absolute; margin-top:0px; margin-right:0px;margin-left:0px; margin-bottom:0px; border-radius:0px;\nbox-shadow: none;}<\/style><div id=\"map_1\" class=\"OSM_Map\" style=\"width:800px; height:500px; overflow:hidden;padding:0px;border:none;\"><script type=\"text\/javascript\">\/* <![CDATA[ *\/(function($) { OpenLayers.ImgPath = \"https:\/\/bildergalerien.umweltnetz.ch\/content\/wp-content\/plugins\/osm\/themes\/dark\/\"; map_1 = new OpenLayers.Map (\"map_1\", {            controls:[              new OpenLayers.Control.Navigation(),              new OpenLayers.Control.PanZoom(),              new OpenLayers.Control.Attribution()              ],          maxExtent: new OpenLayers.Bounds(-20037508.34,-20037508.34,20037508.34,20037508.34),          maxResolution: 156543.0399,          numZoomLevels: 19,          units: \"m\",          projection: new OpenLayers.Projection(\"EPSG:900913\"),          displayProjection: new OpenLayers.Projection(\"EPSG:4326\")      } );var lmap = new OpenLayers.Layer.OSM.Mapnik(\"Mapnik\");map_1.addLayers([lmap]);var lonLat = new OpenLayers.LonLat(8.48,46.425).transform(map_1.displayProjection, map_1.projection);map_1.setCenter (lonLat,11.5);  function osm_map_1onPopupClose(evt) {    select.unselectAll();  }  function osm_map_1onFeatureSelect(event) {    var feature = event.feature;    var content = \"<b>\"+feature.attributes.name + \"<\/b> <br>\" + feature.attributes.description;    if (content.search(\"<script\") != -1) {       content = \"Content contained Javascript! Escaped content below.<br>\" + content.replace(\/<\/g, \"&lt;\");    }    popup = new OpenLayers.Popup.FramedCloud(\"OSM Plugin\",      feature.geometry.getBounds().getCenterLonLat(),        new OpenLayers.Size(200,100),        content,        null, true, osm_map_1onPopupClose);    popup.autoSize = true;    feature.popup = popup;    map_1.addPopup(popup);   }  function osm_map_1onFeatureUnselect(event) {    var feature = event.feature;    if(feature.popup) {      map_1.removePopup(feature.popup);      feature.popup.destroy();      delete feature.popup;    }     }  var lgml = new OpenLayers.Layer.Vector(\"https:\/\/bildergalerien.umweltnetz.ch\/trcks\/2022_kultour_u.gpx\",{   strategies: [new OpenLayers.Strategy.Fixed()],\t  protocol: new OpenLayers.Protocol.HTTP({\t   url: \"https:\/\/bildergalerien.umweltnetz.ch\/trcks\/2022_kultour_u.gpx\",\t   format: new OpenLayers.Format.GPX()\t  }),    style: {strokeColor: \"red\", strokeWidth: 5, strokeOpacity: 0.5},    projection: new OpenLayers.Projection(\"EPSG:4326\")  });  map_1.addLayer(lgml);  function osm_map_1onPopupClose(evt) {    select.unselectAll();  }  function osm_map_1onFeatureSelect(event) {    var feature = event.feature;    var content = \"<b>\"+feature.attributes.name + \"<\/b> <br>\" + feature.attributes.description;    if (content.search(\"<script\") != -1) {       content = \"Content contained Javascript! Escaped content below.<br>\" + content.replace(\/<\/g, \"&lt;\");    }    popup = new OpenLayers.Popup.FramedCloud(\"OSM Plugin\",      feature.geometry.getBounds().getCenterLonLat(),        new OpenLayers.Size(200,100),        content,        null, true, osm_map_1onPopupClose);    popup.autoSize = true;    feature.popup = popup;    map_1.addPopup(popup);   }  function osm_map_1onFeatureUnselect(event) {    var feature = event.feature;    if(feature.popup) {      map_1.removePopup(feature.popup);      feature.popup.destroy();      delete feature.popup;    }     }  var lgml = new OpenLayers.Layer.Vector(\"https:\/\/bildergalerien.umweltnetz.ch\/trcks\/2022_kultour_g.gpx\",{   strategies: [new OpenLayers.Strategy.Fixed()],\t  protocol: new OpenLayers.Protocol.HTTP({\t   url: \"https:\/\/bildergalerien.umweltnetz.ch\/trcks\/2022_kultour_g.gpx\",\t   format: new OpenLayers.Format.GPX()\t  }),    style: {strokeColor: \"blue\", strokeWidth: 5, strokeOpacity: 0.5},    projection: new OpenLayers.Projection(\"EPSG:4326\")  });  map_1.addLayer(lgml);var lonLat = new OpenLayers.LonLat(8.48,46.425).transform(map_1.displayProjection, map_1.projection);map_1.setCenter (lonLat,11.5);})(jQuery)\/* ]]> *\/ <\/script><\/div>\n<p>&nbsp;<br \/>\n24. Juli 2022: Anreise per Bahn und Postauto von Z\u00fcrich \u00fcber Airolo und den Nufenenpass bis Ladstafel (oberhalb Ulrichen im Goms). Ab Ladstafel auf der <a href=\"http:\/\/www.sbrinz-route.ch\/home.html\" target=\"_blank\" rel=\"noopener\">Sbrinz-Route<\/a> zum Griessee und zum Windpark Gries, dann weiter bis zur <a href=\"https:\/\/www.corno-gries.ch\/?page_id=1104\" target=\"_blank\" rel=\"noopener\">Capanna Corno Gries\/Corno-Gries-H\u00fctte (SAC Sektion Rossberg)<\/a>.<br \/>\n&nbsp;<br \/>\n25. Juli 2022: Aufstieg von der Corno-Gries-H\u00fctte zum Corno- und zum Griespass, auf der Sbrinz-Route Abstieg ins italienische\/valserische Valle di Morasco, vorbei am Lago di Morasco bis zu den Tosaf\u00e4llen\/Cascata del Toce. Danach folgt der Aufstieg zum Lago Castel, dann weiter bis zum <a href=\"https:\/\/www.rifugiomarialuisa.it\/de\/\" target=\"_blank\" rel=\"noopener\">Rifugio Maria Luisa (CAI \u2013 Sezione di Busto Arsizio)<\/a>.<br \/>\n&nbsp;<br \/>\n26. Juli 2022: Kurzer Aufstieg vom Rifugio Maria Luisa zum Lago di Toggia, weiter \u00fcber die Bogen-Staumauer und zum Lago Castel. Es folgt der lange und steile Anstieg zur Bochetta di Val Maggia (Grenze Italien\/Schweiz), dann der mehr oder weniger sanfte Abstieg am Lago dei Mat\u00f6rgn vorbei zur Alp Arzo. Schnell und steil geht es zum Lago Robiei hinunter. Es folgen ein Rundgang um den See inklusive \u00dcberquerung der geraden Staumauer und abschliessend ein kurzer Weg zur <a href=\"http:\/\/www.caslocarno.ch\/\" target=\"_blank\" rel=\"noopener\">Capanna Basodino (CAS Sezione Locarno)<\/a>.<br \/>\n&nbsp;<br \/>\n27. Juli 2022: Von der Talstation der Robiei-Seilbahn San Carlo im Bavonatal kurz zum musealen Weiler Presa di Sotto. Weiter auf dem Sentiero Cristallina durch die von der <a href=\"https:\/\/de.wikipedia.org\/wiki\/Transhumanz\" target=\"_blank\" rel=\"noopener\">Transhumanz\/Wanderweidewirtschaft<\/a> gepr\u00e4gten Bavonatal-D\u00f6rfer San Carlo, Sonlerto, Roserto, vorbei an vielen Kirchen, Kapellen und Bildst\u00f6cken bis nach Foroglio mit dem imposanten Wasserfall Cascata di Foroglio. Nach einer ausgiebigen Rast geht es auf die R\u00fcckreise, zuerst mit dem Bus in zwei Etappen nach Locarno, dann mit der Bahn via Bellinzona zur\u00fcck nach Z\u00fcrich. PS: In etwa die H\u00e4lfte der Gruppe hat den Weg mit Abstieg von der Capanna Basodino ins Bavonatal bis nach Bignasco (wo die Bavona in die Maggia fliesst) zu Fuss zur\u00fcckgelegt \u2013 eine beachtliche Leistung!<\/p>\n<hr>\n<h3>Bildergalerie entlang der Wanderroute (67 Bilder)<\/h3>\nngg_shortcode_0_placeholder\n<h3>Galerie mit Detailblick-Bildern (48 Bilder)<\/h3>\nngg_shortcode_1_placeholder\n<h3>Galerie mit Panorama-Aufnahmen (14 Bilder)<\/h3>\nngg_shortcode_2_placeholder\n<hr>\n<p>&nbsp;<br \/>\nVielen Dank an Beatrice f\u00fcr die Planung und Organisation der KulTour \u2013 vielen Dank den Mitwandernden f\u00fcr das engagierte Mitwirken!<\/p>\n<hr>\n<hr>\n<p>Link zu den <a href=\"https:\/\/www.gletschervergleiche.ch\/Pages\/ImageCompareDet.aspx?Id=1072\" target=\"_blank\" rel=\"noopener\">Eismassenver\u00e4nderungen am Griesgletscher<\/a><\/p>\n","protected":false},"excerpt":{"rendered":"<p>Bilder einer viert\u00e4gigen KulTour der SAC Sektion Manegg unter der Leitung von Beatrice Pl\u00fcntsch vom 24. bis 27. Juli 2022. &nbsp; &nbsp; &nbsp; &nbsp; &nbsp; &nbsp; &nbsp; &nbsp; &nbsp; &nbsp; &nbsp; &nbsp; &nbsp; &nbsp;<\/p>\n","protected":false},"author":2,"featured_media":0,"comment_status":"open","ping_status":"open","sticky":false,"template":"","format":"standard","meta":{"ngg_post_thumbnail":0,"jetpack_post_was_ever_published":false,"_jetpack_newsletter_access":"","_jetpack_dont_email_post_to_subs":false,"_jetpack_newsletter_tier_id":0,"_jetpack_memberships_contains_paywalled_content":false,"_jetpack_memberships_contains_paid_content":false,"footnotes":"","jetpack_publicize_message":"","jetpack_publicize_feature_enabled":false,"jetpack_social_post_already_shared":true,"jetpack_social_options":{"image_generator_settings":{"template":"highway","default_image_id":0,"font":"","enabled":false},"version":2}},"categories":[1],"tags":[117,62,370,369,365,363,116,364,368,53],"class_list":["post-7823","post","type-post","status-publish","format-standard","hentry","category-allgemeines","tag-bildergalerie","tag-bildergalerien","tag-goms","tag-italien","tag-juli-2022","tag-kultour","tag-sac-manegg","tag-sommer-2022","tag-tessin","tag-wallis"],"jetpack_publicize_connections":[],"jetpack_featured_media_url":"","jetpack_shortlink":"https:\/\/wp.me\/p33AYZ-22b","jetpack_sharing_enabled":true,"_links":{"self":[{"href":"https:\/\/bildergalerien.umweltnetz.ch\/content\/wp-json\/wp\/v2\/posts\/7823","targetHints":{"allow":["GET"]}}],"collection":[{"href":"https:\/\/bildergalerien.umweltnetz.ch\/content\/wp-json\/wp\/v2\/posts"}],"about":[{"href":"https:\/\/bildergalerien.umweltnetz.ch\/content\/wp-json\/wp\/v2\/types\/post"}],"author":[{"embeddable":true,"href":"https:\/\/bildergalerien.umweltnetz.ch\/content\/wp-json\/wp\/v2\/users\/2"}],"replies":[{"embeddable":true,"href":"https:\/\/bildergalerien.umweltnetz.ch\/content\/wp-json\/wp\/v2\/comments?post=7823"}],"version-history":[{"count":37,"href":"https:\/\/bildergalerien.umweltnetz.ch\/content\/wp-json\/wp\/v2\/posts\/7823\/revisions"}],"predecessor-version":[{"id":7993,"href":"https:\/\/bildergalerien.umweltnetz.ch\/content\/wp-json\/wp\/v2\/posts\/7823\/revisions\/7993"}],"wp:attachment":[{"href":"https:\/\/bildergalerien.umweltnetz.ch\/content\/wp-json\/wp\/v2\/media?parent=7823"}],"wp:term":[{"taxonomy":"category","embeddable":true,"href":"https:\/\/bildergalerien.umweltnetz.ch\/content\/wp-json\/wp\/v2\/categories?post=7823"},{"taxonomy":"post_tag","embeddable":true,"href":"https:\/\/bildergalerien.umweltnetz.ch\/content\/wp-json\/wp\/v2\/tags?post=7823"}],"curies":[{"name":"wp","href":"https:\/\/api.w.org\/{rel}","templated":true}]}}