{"id":7237,"date":"2020-09-19T15:36:05","date_gmt":"2020-09-19T14:36:05","guid":{"rendered":"https:\/\/bildergalerien.umweltnetz.ch\/content\/?p=7237"},"modified":"2020-10-11T11:13:38","modified_gmt":"2020-10-11T10:13:38","slug":"uebersicht-sommer-2020","status":"publish","type":"post","link":"https:\/\/bildergalerien.umweltnetz.ch\/content\/uebersicht-sommer-2020","title":{"rendered":"\u00dcbersicht Sommer 2020"},"content":{"rendered":"<p>In Vorbereitung: Bildergalerien von Touren zu Fuss und mit dem Velo Sommer 2020<br \/>\nErste Stufe: Vereinfachte Kartendarstellung (einzelne Wegpunkte, kein detaillierter Wegverlauf) von einigen Touren (weitere folgen)<\/p>\n<style type=\"text\/css\">#map_1 {clear: both; padding: 0px; margin: 0px; border: 0px; width: 100%; height: 100%; margin-top:0px; margin-right:0px;margin-left:0px; margin-bottom:0px; left: 0px; border-radius:0px;\nbox-shadow: none;}#map_1 img{clear: both; padding: 0px; margin: 0px; border: 0px; width: 100%; height: 100%; position: absolute; margin-top:0px; margin-right:0px;margin-left:0px; margin-bottom:0px; border-radius:0px;\nbox-shadow: none;}<\/style><div id=\"map_1\" class=\"OSM_Map\" style=\"width:100%; height:450px; overflow:hidden;padding:0px;border:none;\"><script type=\"text\/javascript\">\/* <![CDATA[ *\/(function($) { OpenLayers.ImgPath = \"https:\/\/bildergalerien.umweltnetz.ch\/content\/wp-content\/plugins\/osm\/themes\/dark\/\"; map_1 = new OpenLayers.Map (\"map_1\", {            controls:[              new OpenLayers.Control.Navigation(),              new OpenLayers.Control.PanZoom(),              new OpenLayers.Control.Attribution()              ],          maxExtent: new OpenLayers.Bounds(-20037508.34,-20037508.34,20037508.34,20037508.34),          maxResolution: 156543.0399,          numZoomLevels: 19,          units: \"m\",          projection: new OpenLayers.Projection(\"EPSG:900913\"),          displayProjection: new OpenLayers.Projection(\"EPSG:4326\")      } );var lmap = new OpenLayers.Layer.OSM.Mapnik(\"Mapnik\");map_1.addLayers([lmap]);var lonLat = new OpenLayers.LonLat(8.64720,47.02109).transform(map_1.displayProjection, map_1.projection);map_1.setCenter (lonLat,8);  function osm_map_1onPopupClose(evt) {    select.unselectAll();  }  function osm_map_1onFeatureSelect(event) {    var feature = event.feature;    var content = \"<b>\"+feature.attributes.name + \"<\/b> <br>\" + feature.attributes.description;    if (content.search(\"<script\") != -1) {       content = \"Content contained Javascript! Escaped content below.<br>\" + content.replace(\/<\/g, \"&lt;\");    }    popup = new OpenLayers.Popup.FramedCloud(\"OSM Plugin\",      feature.geometry.getBounds().getCenterLonLat(),        new OpenLayers.Size(200,100),        content,        null, true, osm_map_1onPopupClose);    popup.autoSize = true;    feature.popup = popup;    map_1.addPopup(popup);   }  function osm_map_1onFeatureUnselect(event) {    var feature = event.feature;    if(feature.popup) {      map_1.removePopup(feature.popup);      feature.popup.destroy();      delete feature.popup;    }     }  var lgml = new OpenLayers.Layer.Vector(\"https:\/\/bildergalerien.umweltnetz.ch\/content\/wp-content\/uploads\/2020\/09\/2020_sammlung.gpx\",{   strategies: [new OpenLayers.Strategy.Fixed()],\t  protocol: new OpenLayers.Protocol.HTTP({\t   url: \"https:\/\/bildergalerien.umweltnetz.ch\/content\/wp-content\/uploads\/2020\/09\/2020_sammlung.gpx\",\t   format: new OpenLayers.Format.GPX()\t  }),    style: {strokeColor: \"blue\", strokeWidth: 5, strokeOpacity: 0.5},    projection: new OpenLayers.Projection(\"EPSG:4326\")  });  map_1.addLayer(lgml);var lonLat = new OpenLayers.LonLat(8.64720,47.02109).transform(map_1.displayProjection, map_1.projection);map_1.setCenter (lonLat,8);})(jQuery)\/* ]]> *\/ <\/script><\/div>\n<p>Derzeit auf der Karte dargestellt:<br \/>\n24. Juni: Ahorn &#8211; Napf &#8211; Menzberg SAC Sektion Manegg<br \/>\n27.\/28. Juni: Jubil\u00e4umswanderung 50 km \u2013 50 Jahre SAC Sektion Manegg; <a href=\"https:\/\/bildergalerien.umweltnetz.ch\/content\/wanderung-im-herkunftsgebiet-von-reuss-rhein-und-ticino\" target=\"_blank\" rel=\"noopener noreferrer\">Bilder bereits vorhanden<\/a><br \/>\n4.\/5. Juli: Fotowochenende Badush\u00fctte SAC Sektion Manegg<br \/>\n12. Juli: H\u00e4gendorf &#8211; Belchenfluh &#8211; Olten<br \/>\n19. Juli: Velorundfahrt von Z\u00fcrich Richtung Merishausen (= <a href=\"https:\/\/www.umweltnetz.ch\/content\/fossilfrei-atomfrei-windenergie-und-schweiz\" target=\"_blank\" rel=\"noopener noreferrer\">Windpark Verenafohren<\/a>)<br \/>\n22. Juli: Gantrisch &#8211; Stockhorn SAC Sektion Manegg<br \/>\n25. und 27. Juli: Velofahrt von Z\u00fcrich \u00fcber Bad Ragaz nach Rh\u00e4z\u00fcns<br \/>\n31. Juli: Wanderung zur Alp Sura, Rh\u00e4z\u00fcns und zum Crest Ault<\/p>\n<p>5. August: Via Romantica, SAC Sektion Manegg<br \/>\n8. August: Wanderung Alp Flix &#8211; Julier &#8211; Silvaplana<br \/>\n15. August: Wanderung zur Badush\u00fctte, \u00fcber Pazolastock und Rossbodenstock<br \/>\n17. August: Wanderung von der Belalp zum Foggenhorn und \u00fcber Nessel zur\u00fcck<br \/>\n18. August: Wanderung von der Belalp zum Sparrhorn und zur\u00fcck<br \/>\n22.\/23. August: Hockenhorn\/L\u00f6tschenpassh\u00fctte, SAC Sektion Manegg<br \/>\n5.\/6. September: Falknis\/Enderlinh\u00fctte, SAC<br \/>\n17. September: Rucksack-Transport vom Oberalppass zur Badush\u00fctte, via Pazolastock Abstieg nach Andermatt<\/p>\n<hr>\n<p>und: Vom 2. Januar bis zum 14. September 71 Uetliberg-Spazierg\u00e4nge<\/p>\n","protected":false},"excerpt":{"rendered":"<p>In Vorbereitung: Bildergalerien von Touren zu Fuss und mit dem Velo Sommer 2020 Erste Stufe: Vereinfachte Kartendarstellung (einzelne Wegpunkte, kein detaillierter Wegverlauf) von einigen Touren (weitere folgen) Derzeit auf der Karte dargestellt: 24. Juni: Ahorn &#8211; Napf &#8211; Menzberg SAC Sektion Manegg 27.\/28. Juni: Jubil\u00e4umswanderung 50 km \u2013 50 Jahre SAC Sektion Manegg; Bilder bereits [&hellip;]<\/p>\n","protected":false},"author":2,"featured_media":0,"comment_status":"open","ping_status":"open","sticky":false,"template":"","format":"standard","meta":{"ngg_post_thumbnail":0,"jetpack_post_was_ever_published":false,"_jetpack_newsletter_access":"","_jetpack_dont_email_post_to_subs":false,"_jetpack_newsletter_tier_id":0,"_jetpack_memberships_contains_paywalled_content":false,"_jetpack_memberships_contains_paid_content":false,"footnotes":"","jetpack_publicize_message":"","jetpack_publicize_feature_enabled":true,"jetpack_social_post_already_shared":true,"jetpack_social_options":{"image_generator_settings":{"template":"highway","default_image_id":0,"font":"","enabled":false},"version":2}},"categories":[1],"tags":[342,347,341,115,62,346,345,343,344,250,251,340,338,337,339,262,11],"class_list":["post-7237","post","type-post","status-publish","format-standard","hentry","category-allgemeines","tag-alp-flix","tag-andermatt","tag-bad-ragaz","tag-badushutte","tag-bildergalerien","tag-enderlinhuette","tag-falknis","tag-hockenhorn","tag-loetschenpasshuette","tag-oberalppass","tag-pazolastock","tag-rhaezuens","tag-sacmanegg","tag-sommer-2020","tag-stockhorn","tag-tomasee","tag-zurich"],"jetpack_publicize_connections":[],"jetpack_featured_media_url":"","jetpack_shortlink":"https:\/\/wp.me\/p33AYZ-1SJ","jetpack_sharing_enabled":true,"_links":{"self":[{"href":"https:\/\/bildergalerien.umweltnetz.ch\/content\/wp-json\/wp\/v2\/posts\/7237","targetHints":{"allow":["GET"]}}],"collection":[{"href":"https:\/\/bildergalerien.umweltnetz.ch\/content\/wp-json\/wp\/v2\/posts"}],"about":[{"href":"https:\/\/bildergalerien.umweltnetz.ch\/content\/wp-json\/wp\/v2\/types\/post"}],"author":[{"embeddable":true,"href":"https:\/\/bildergalerien.umweltnetz.ch\/content\/wp-json\/wp\/v2\/users\/2"}],"replies":[{"embeddable":true,"href":"https:\/\/bildergalerien.umweltnetz.ch\/content\/wp-json\/wp\/v2\/comments?post=7237"}],"version-history":[{"count":17,"href":"https:\/\/bildergalerien.umweltnetz.ch\/content\/wp-json\/wp\/v2\/posts\/7237\/revisions"}],"predecessor-version":[{"id":7405,"href":"https:\/\/bildergalerien.umweltnetz.ch\/content\/wp-json\/wp\/v2\/posts\/7237\/revisions\/7405"}],"wp:attachment":[{"href":"https:\/\/bildergalerien.umweltnetz.ch\/content\/wp-json\/wp\/v2\/media?parent=7237"}],"wp:term":[{"taxonomy":"category","embeddable":true,"href":"https:\/\/bildergalerien.umweltnetz.ch\/content\/wp-json\/wp\/v2\/categories?post=7237"},{"taxonomy":"post_tag","embeddable":true,"href":"https:\/\/bildergalerien.umweltnetz.ch\/content\/wp-json\/wp\/v2\/tags?post=7237"}],"curies":[{"name":"wp","href":"https:\/\/api.w.org\/{rel}","templated":true}]}}