{"id":5824,"date":"2018-09-02T12:29:47","date_gmt":"2018-09-02T11:29:47","guid":{"rendered":"http:\/\/bildergalerien.umweltnetz.ch\/content\/?p=5824"},"modified":"2018-09-02T14:57:03","modified_gmt":"2018-09-02T13:57:03","slug":"sommer-2018-piz-kesch","status":"publish","type":"post","link":"https:\/\/bildergalerien.umweltnetz.ch\/content\/sommer-2018-piz-kesch","title":{"rendered":"Sommer 2018: Piz Kesch"},"content":{"rendered":"<p><img decoding=\"async\" src=\"http:\/\/bildergalerien.umweltnetz.ch\/content\/wp-content\/gallery\/1808-11-12-piz-kesch\/thumbs\/thumbs_180812_4157.jpg?i=1586775942\" class=\"alignleft\" \/>Zu Fuss fast vom Albulapass zur Camanna d&#8217;Es-cha, \u00fcber die Porta weiter \u00fcber Schnee und Fels zum Piz Kesch, Abstieg zur Keschh\u00fctte (Tour SAC Sektion Manegg, Tourenleiter Robert Fluder).<br \/>&nbsp;<br \/>&nbsp;<br \/>&nbsp;<br \/>&nbsp;<\/p>\n<p><p><!--more--><\/p>\nngg_shortcode_0_placeholder\n<p>\n","protected":false},"excerpt":{"rendered":"<p>Zu Fuss fast vom Albulapass zur Camanna d&#8217;Es-cha, \u00fcber die Porta weiter \u00fcber Schnee und Fels zum Piz Kesch, Abstieg zur Keschh\u00fctte (Tour SAC Sektion Manegg, Tourenleiter Robert Fluder).&nbsp;&nbsp;&nbsp;&nbsp;<\/p>\n","protected":false},"author":2,"featured_media":0,"comment_status":"open","ping_status":"open","sticky":false,"template":"","format":"standard","meta":{"ngg_post_thumbnail":0,"jetpack_post_was_ever_published":false,"_jetpack_newsletter_access":"","_jetpack_dont_email_post_to_subs":false,"_jetpack_newsletter_tier_id":0,"_jetpack_memberships_contains_paywalled_content":false,"_jetpack_memberships_contains_paid_content":false,"footnotes":"","jetpack_publicize_message":"Sommer 2018: Piz Kesch","jetpack_publicize_feature_enabled":true,"jetpack_social_post_already_shared":true,"jetpack_social_options":{"image_generator_settings":{"template":"highway","default_image_id":0,"font":"","enabled":false},"version":2}},"categories":[1],"tags":[303,306,117,304,305,302,116,274],"class_list":["post-5824","post","type-post","status-publish","format-standard","hentry","category-allgemeines","tag-albulapass","tag-bergtour","tag-bildergalerie","tag-camanna-des-cha","tag-keschhuette","tag-piz-kesch","tag-sac-manegg","tag-sommer-2018"],"jetpack_publicize_connections":[],"jetpack_featured_media_url":"","jetpack_shortlink":"https:\/\/wp.me\/p33AYZ-1vW","jetpack_sharing_enabled":true,"_links":{"self":[{"href":"https:\/\/bildergalerien.umweltnetz.ch\/content\/wp-json\/wp\/v2\/posts\/5824","targetHints":{"allow":["GET"]}}],"collection":[{"href":"https:\/\/bildergalerien.umweltnetz.ch\/content\/wp-json\/wp\/v2\/posts"}],"about":[{"href":"https:\/\/bildergalerien.umweltnetz.ch\/content\/wp-json\/wp\/v2\/types\/post"}],"author":[{"embeddable":true,"href":"https:\/\/bildergalerien.umweltnetz.ch\/content\/wp-json\/wp\/v2\/users\/2"}],"replies":[{"embeddable":true,"href":"https:\/\/bildergalerien.umweltnetz.ch\/content\/wp-json\/wp\/v2\/comments?post=5824"}],"version-history":[{"count":2,"href":"https:\/\/bildergalerien.umweltnetz.ch\/content\/wp-json\/wp\/v2\/posts\/5824\/revisions"}],"predecessor-version":[{"id":5877,"href":"https:\/\/bildergalerien.umweltnetz.ch\/content\/wp-json\/wp\/v2\/posts\/5824\/revisions\/5877"}],"wp:attachment":[{"href":"https:\/\/bildergalerien.umweltnetz.ch\/content\/wp-json\/wp\/v2\/media?parent=5824"}],"wp:term":[{"taxonomy":"category","embeddable":true,"href":"https:\/\/bildergalerien.umweltnetz.ch\/content\/wp-json\/wp\/v2\/categories?post=5824"},{"taxonomy":"post_tag","embeddable":true,"href":"https:\/\/bildergalerien.umweltnetz.ch\/content\/wp-json\/wp\/v2\/tags?post=5824"}],"curies":[{"name":"wp","href":"https:\/\/api.w.org\/{rel}","templated":true}]}}