{"id":3270,"date":"2015-04-29T15:56:29","date_gmt":"2015-04-29T14:56:29","guid":{"rendered":"http:\/\/bildergalerien.umweltnetz.ch\/content\/?p=3270"},"modified":"2015-04-29T15:56:29","modified_gmt":"2015-04-29T14:56:29","slug":"laegernwanderung","status":"publish","type":"post","link":"https:\/\/bildergalerien.umweltnetz.ch\/content\/laegernwanderung","title":{"rendered":"L\u00e4gernwanderung"},"content":{"rendered":"<p>29. April 2015: Eine Wanderung \u00fcber die L\u00e4gern \u2013 ein sch\u00f6ner Tag, allerdings mit ziemlich viel Dunst!<\/p>\n<p><img decoding=\"async\" src=\"http:\/\/bildergalerien.umweltnetz.ch\/content\/wp-content\/gallery\/laegern15\/thumbs\/thumbs_150429_15_wehntal.jpg\" alt=\"Wehntal\" \/><!--more--><\/p>\nngg_shortcode_0_placeholder\n<p>\n","protected":false},"excerpt":{"rendered":"<p>29. April 2015: Eine Wanderung \u00fcber die L\u00e4gern \u2013 ein sch\u00f6ner Tag, allerdings mit ziemlich viel Dunst!<\/p>\n","protected":false},"author":2,"featured_media":0,"comment_status":"open","ping_status":"open","sticky":false,"template":"","format":"standard","meta":{"ngg_post_thumbnail":0,"_jetpack_newsletter_access":"","_jetpack_dont_email_post_to_subs":false,"_jetpack_newsletter_tier_id":0,"_jetpack_memberships_contains_paywalled_content":false,"_jetpack_feature_clip_id":0,"_jetpack_memberships_contains_paid_content":false,"footnotes":"","jetpack_publicize_message":"#Bildergalerie einer #L\u00e4gern-#Wanderung","jetpack_publicize_feature_enabled":true,"jetpack_social_post_already_shared":true,"jetpack_social_options":{"image_generator_settings":{"template":"highway","default_image_id":0,"font":"","enabled":false},"version":2},"jetpack_post_was_ever_published":false},"categories":[1],"tags":[117,243],"class_list":["post-3270","post","type-post","status-publish","format-standard","hentry","category-allgemeines","tag-bildergalerie","tag-laegern"],"jetpack_publicize_connections":[],"jetpack_shortlink":"https:\/\/wp.me\/p33AYZ-QK","jetpack_sharing_enabled":true,"jetpack_featured_media_url":"","_links":{"self":[{"href":"https:\/\/bildergalerien.umweltnetz.ch\/content\/wp-json\/wp\/v2\/posts\/3270","targetHints":{"allow":["GET"]}}],"collection":[{"href":"https:\/\/bildergalerien.umweltnetz.ch\/content\/wp-json\/wp\/v2\/posts"}],"about":[{"href":"https:\/\/bildergalerien.umweltnetz.ch\/content\/wp-json\/wp\/v2\/types\/post"}],"author":[{"embeddable":true,"href":"https:\/\/bildergalerien.umweltnetz.ch\/content\/wp-json\/wp\/v2\/users\/2"}],"replies":[{"embeddable":true,"href":"https:\/\/bildergalerien.umweltnetz.ch\/content\/wp-json\/wp\/v2\/comments?post=3270"}],"version-history":[{"count":1,"href":"https:\/\/bildergalerien.umweltnetz.ch\/content\/wp-json\/wp\/v2\/posts\/3270\/revisions"}],"predecessor-version":[{"id":3271,"href":"https:\/\/bildergalerien.umweltnetz.ch\/content\/wp-json\/wp\/v2\/posts\/3270\/revisions\/3271"}],"wp:attachment":[{"href":"https:\/\/bildergalerien.umweltnetz.ch\/content\/wp-json\/wp\/v2\/media?parent=3270"}],"wp:term":[{"taxonomy":"category","embeddable":true,"href":"https:\/\/bildergalerien.umweltnetz.ch\/content\/wp-json\/wp\/v2\/categories?post=3270"},{"taxonomy":"post_tag","embeddable":true,"href":"https:\/\/bildergalerien.umweltnetz.ch\/content\/wp-json\/wp\/v2\/tags?post=3270"}],"curies":[{"name":"wp","href":"https:\/\/api.w.org\/{rel}","templated":true}]}}